{"id":343,"date":"2021-06-06T10:49:10","date_gmt":"2021-06-06T08:49:10","guid":{"rendered":"http:\/\/clustersahel.creativetunisia.tn\/?p=343"},"modified":"2022-03-09T11:02:14","modified_gmt":"2022-03-09T10:02:14","slug":"retour-en-images-sur-la-ceremonie-de-cloture-de-la-foire-du-sahel-de-lartisanat","status":"publish","type":"post","link":"https:\/\/clustersahel.creativetunisia.tn\/index.php\/2021\/06\/06\/retour-en-images-sur-la-ceremonie-de-cloture-de-la-foire-du-sahel-de-lartisanat\/","title":{"rendered":"Retour en images sur la c\u00e9r\u00e9monie de cl\u00f4ture de la Foire du Sahel de l&#8217;ARTISANAT"},"content":{"rendered":"\n<figure class=\"wp-block-gallery columns-3 is-cropped\"><ul class=\"blocks-gallery-grid\"><li class=\"blocks-gallery-item\"><figure><img loading=\"lazy\" width=\"1024\" height=\"1024\" src=\"http:\/\/clustersahel.creativetunisia.tn\/wp-content\/uploads\/2021\/12\/Retour-en-images-sur-la-ceremonie-de-cloture-de-la-Foire-du-Sahel-de-lARTISANAT-1-1024x1024.jpg\" alt=\"\" data-id=\"345\" data-full-url=\"http:\/\/clustersahel.creativetunisia.tn\/wp-content\/uploads\/2021\/12\/Retour-en-images-sur-la-ceremonie-de-cloture-de-la-Foire-du-Sahel-de-lARTISANAT-1.jpg\" data-link=\"http:\/\/clustersahel.creativetunisia.tn\/?attachment_id=345\" class=\"wp-image-345\" srcset=\"https:\/\/clustersahel.creativetunisia.tn\/wp-content\/uploads\/2021\/12\/Retour-en-images-sur-la-ceremonie-de-cloture-de-la-Foire-du-Sahel-de-lARTISANAT-1-1024x1024.jpg 1024w, https:\/\/clustersahel.creativetunisia.tn\/wp-content\/uploads\/2021\/12\/Retour-en-images-sur-la-ceremonie-de-cloture-de-la-Foire-du-Sahel-de-lARTISANAT-1-300x300.jpg 300w, https:\/\/clustersahel.creativetunisia.tn\/wp-content\/uploads\/2021\/12\/Retour-en-images-sur-la-ceremonie-de-cloture-de-la-Foire-du-Sahel-de-lARTISANAT-1-150x150.jpg 150w, https:\/\/clustersahel.creativetunisia.tn\/wp-content\/uploads\/2021\/12\/Retour-en-images-sur-la-ceremonie-de-cloture-de-la-Foire-du-Sahel-de-lARTISANAT-1-768x768.jpg 768w, https:\/\/clustersahel.creativetunisia.tn\/wp-content\/uploads\/2021\/12\/Retour-en-images-sur-la-ceremonie-de-cloture-de-la-Foire-du-Sahel-de-lARTISANAT-1.jpg 1080w\" sizes=\"(max-width: 1024px) 100vw, 1024px\" \/><\/figure><\/li><li class=\"blocks-gallery-item\"><figure><img loading=\"lazy\" width=\"1024\" height=\"1024\" src=\"http:\/\/clustersahel.creativetunisia.tn\/wp-content\/uploads\/2021\/12\/Retour-en-images-sur-la-ceremonie-de-cloture-de-la-Foire-du-Sahel-de-lARTISANAT-2-1024x1024.jpg\" alt=\"\" data-id=\"346\" data-full-url=\"http:\/\/clustersahel.creativetunisia.tn\/wp-content\/uploads\/2021\/12\/Retour-en-images-sur-la-ceremonie-de-cloture-de-la-Foire-du-Sahel-de-lARTISANAT-2.jpg\" data-link=\"http:\/\/clustersahel.creativetunisia.tn\/?attachment_id=346\" class=\"wp-image-346\" srcset=\"https:\/\/clustersahel.creativetunisia.tn\/wp-content\/uploads\/2021\/12\/Retour-en-images-sur-la-ceremonie-de-cloture-de-la-Foire-du-Sahel-de-lARTISANAT-2-1024x1024.jpg 1024w, https:\/\/clustersahel.creativetunisia.tn\/wp-content\/uploads\/2021\/12\/Retour-en-images-sur-la-ceremonie-de-cloture-de-la-Foire-du-Sahel-de-lARTISANAT-2-300x300.jpg 300w, https:\/\/clustersahel.creativetunisia.tn\/wp-content\/uploads\/2021\/12\/Retour-en-images-sur-la-ceremonie-de-cloture-de-la-Foire-du-Sahel-de-lARTISANAT-2-150x150.jpg 150w, https:\/\/clustersahel.creativetunisia.tn\/wp-content\/uploads\/2021\/12\/Retour-en-images-sur-la-ceremonie-de-cloture-de-la-Foire-du-Sahel-de-lARTISANAT-2-768x768.jpg 768w, https:\/\/clustersahel.creativetunisia.tn\/wp-content\/uploads\/2021\/12\/Retour-en-images-sur-la-ceremonie-de-cloture-de-la-Foire-du-Sahel-de-lARTISANAT-2.jpg 1080w\" sizes=\"(max-width: 1024px) 100vw, 1024px\" \/><\/figure><\/li><li class=\"blocks-gallery-item\"><figure><img loading=\"lazy\" width=\"1024\" height=\"1024\" src=\"http:\/\/clustersahel.creativetunisia.tn\/wp-content\/uploads\/2021\/12\/Retour-en-images-sur-la-ceremonie-de-cloture-de-la-Foire-du-Sahel-de-lARTISANAT-3-1024x1024.jpg\" alt=\"\" data-id=\"347\" data-full-url=\"http:\/\/clustersahel.creativetunisia.tn\/wp-content\/uploads\/2021\/12\/Retour-en-images-sur-la-ceremonie-de-cloture-de-la-Foire-du-Sahel-de-lARTISANAT-3.jpg\" data-link=\"http:\/\/clustersahel.creativetunisia.tn\/?attachment_id=347\" class=\"wp-image-347\" srcset=\"https:\/\/clustersahel.creativetunisia.tn\/wp-content\/uploads\/2021\/12\/Retour-en-images-sur-la-ceremonie-de-cloture-de-la-Foire-du-Sahel-de-lARTISANAT-3-1024x1024.jpg 1024w, https:\/\/clustersahel.creativetunisia.tn\/wp-content\/uploads\/2021\/12\/Retour-en-images-sur-la-ceremonie-de-cloture-de-la-Foire-du-Sahel-de-lARTISANAT-3-300x300.jpg 300w, https:\/\/clustersahel.creativetunisia.tn\/wp-content\/uploads\/2021\/12\/Retour-en-images-sur-la-ceremonie-de-cloture-de-la-Foire-du-Sahel-de-lARTISANAT-3-150x150.jpg 150w, https:\/\/clustersahel.creativetunisia.tn\/wp-content\/uploads\/2021\/12\/Retour-en-images-sur-la-ceremonie-de-cloture-de-la-Foire-du-Sahel-de-lARTISANAT-3-768x768.jpg 768w, https:\/\/clustersahel.creativetunisia.tn\/wp-content\/uploads\/2021\/12\/Retour-en-images-sur-la-ceremonie-de-cloture-de-la-Foire-du-Sahel-de-lARTISANAT-3.jpg 1080w\" sizes=\"(max-width: 1024px) 100vw, 1024px\" \/><\/figure><\/li><li class=\"blocks-gallery-item\"><figure><img loading=\"lazy\" width=\"1024\" height=\"1024\" src=\"http:\/\/clustersahel.creativetunisia.tn\/wp-content\/uploads\/2021\/12\/Retour-en-images-sur-la-ceremonie-de-cloture-de-la-Foire-du-Sahel-de-lARTISANAT-4-1024x1024.jpg\" alt=\"\" data-id=\"349\" data-full-url=\"http:\/\/clustersahel.creativetunisia.tn\/wp-content\/uploads\/2021\/12\/Retour-en-images-sur-la-ceremonie-de-cloture-de-la-Foire-du-Sahel-de-lARTISANAT-4.jpg\" data-link=\"http:\/\/clustersahel.creativetunisia.tn\/?attachment_id=349\" class=\"wp-image-349\" srcset=\"https:\/\/clustersahel.creativetunisia.tn\/wp-content\/uploads\/2021\/12\/Retour-en-images-sur-la-ceremonie-de-cloture-de-la-Foire-du-Sahel-de-lARTISANAT-4-1024x1024.jpg 1024w, https:\/\/clustersahel.creativetunisia.tn\/wp-content\/uploads\/2021\/12\/Retour-en-images-sur-la-ceremonie-de-cloture-de-la-Foire-du-Sahel-de-lARTISANAT-4-300x300.jpg 300w, https:\/\/clustersahel.creativetunisia.tn\/wp-content\/uploads\/2021\/12\/Retour-en-images-sur-la-ceremonie-de-cloture-de-la-Foire-du-Sahel-de-lARTISANAT-4-150x150.jpg 150w, https:\/\/clustersahel.creativetunisia.tn\/wp-content\/uploads\/2021\/12\/Retour-en-images-sur-la-ceremonie-de-cloture-de-la-Foire-du-Sahel-de-lARTISANAT-4-768x768.jpg 768w, https:\/\/clustersahel.creativetunisia.tn\/wp-content\/uploads\/2021\/12\/Retour-en-images-sur-la-ceremonie-de-cloture-de-la-Foire-du-Sahel-de-lARTISANAT-4.jpg 1080w\" sizes=\"(max-width: 1024px) 100vw, 1024px\" \/><\/figure><\/li><li class=\"blocks-gallery-item\"><figure><img loading=\"lazy\" width=\"1024\" height=\"1024\" src=\"http:\/\/clustersahel.creativetunisia.tn\/wp-content\/uploads\/2021\/12\/Retour-en-images-sur-la-ceremonie-de-cloture-de-la-Foire-du-Sahel-de-lARTISANAT-5-1024x1024.jpg\" alt=\"\" data-id=\"350\" data-full-url=\"http:\/\/clustersahel.creativetunisia.tn\/wp-content\/uploads\/2021\/12\/Retour-en-images-sur-la-ceremonie-de-cloture-de-la-Foire-du-Sahel-de-lARTISANAT-5.jpg\" data-link=\"http:\/\/clustersahel.creativetunisia.tn\/?attachment_id=350\" class=\"wp-image-350\" srcset=\"https:\/\/clustersahel.creativetunisia.tn\/wp-content\/uploads\/2021\/12\/Retour-en-images-sur-la-ceremonie-de-cloture-de-la-Foire-du-Sahel-de-lARTISANAT-5-1024x1024.jpg 1024w, https:\/\/clustersahel.creativetunisia.tn\/wp-content\/uploads\/2021\/12\/Retour-en-images-sur-la-ceremonie-de-cloture-de-la-Foire-du-Sahel-de-lARTISANAT-5-300x300.jpg 300w, https:\/\/clustersahel.creativetunisia.tn\/wp-content\/uploads\/2021\/12\/Retour-en-images-sur-la-ceremonie-de-cloture-de-la-Foire-du-Sahel-de-lARTISANAT-5-150x150.jpg 150w, https:\/\/clustersahel.creativetunisia.tn\/wp-content\/uploads\/2021\/12\/Retour-en-images-sur-la-ceremonie-de-cloture-de-la-Foire-du-Sahel-de-lARTISANAT-5-768x768.jpg 768w, https:\/\/clustersahel.creativetunisia.tn\/wp-content\/uploads\/2021\/12\/Retour-en-images-sur-la-ceremonie-de-cloture-de-la-Foire-du-Sahel-de-lARTISANAT-5.jpg 1080w\" sizes=\"(max-width: 1024px) 100vw, 1024px\" \/><\/figure><\/li><li class=\"blocks-gallery-item\"><figure><img loading=\"lazy\" width=\"1024\" height=\"1024\" src=\"http:\/\/clustersahel.creativetunisia.tn\/wp-content\/uploads\/2021\/12\/Retour-en-images-sur-la-ceremonie-de-cloture-de-la-Foire-du-Sahel-de-lARTISANAT-6-1024x1024.jpg\" alt=\"\" data-id=\"352\" data-full-url=\"http:\/\/clustersahel.creativetunisia.tn\/wp-content\/uploads\/2021\/12\/Retour-en-images-sur-la-ceremonie-de-cloture-de-la-Foire-du-Sahel-de-lARTISANAT-6.jpg\" data-link=\"http:\/\/clustersahel.creativetunisia.tn\/index.php\/2021\/10\/02\/retour-en-images-sur-la-ceremonie-de-cloture-de-la-foire-du-sahel-de-lartisanat\/retour-en-images-sur-la-ceremonie-de-cloture-de-la-foire-du-sahel-de-lartisanat-6\/\" class=\"wp-image-352\" srcset=\"https:\/\/clustersahel.creativetunisia.tn\/wp-content\/uploads\/2021\/12\/Retour-en-images-sur-la-ceremonie-de-cloture-de-la-Foire-du-Sahel-de-lARTISANAT-6-1024x1024.jpg 1024w, https:\/\/clustersahel.creativetunisia.tn\/wp-content\/uploads\/2021\/12\/Retour-en-images-sur-la-ceremonie-de-cloture-de-la-Foire-du-Sahel-de-lARTISANAT-6-300x300.jpg 300w, https:\/\/clustersahel.creativetunisia.tn\/wp-content\/uploads\/2021\/12\/Retour-en-images-sur-la-ceremonie-de-cloture-de-la-Foire-du-Sahel-de-lARTISANAT-6-150x150.jpg 150w, https:\/\/clustersahel.creativetunisia.tn\/wp-content\/uploads\/2021\/12\/Retour-en-images-sur-la-ceremonie-de-cloture-de-la-Foire-du-Sahel-de-lARTISANAT-6-768x768.jpg 768w, https:\/\/clustersahel.creativetunisia.tn\/wp-content\/uploads\/2021\/12\/Retour-en-images-sur-la-ceremonie-de-cloture-de-la-Foire-du-Sahel-de-lARTISANAT-6.jpg 1080w\" sizes=\"(max-width: 1024px) 100vw, 1024px\" \/><\/figure><\/li><li class=\"blocks-gallery-item\"><figure><img loading=\"lazy\" width=\"1024\" height=\"1024\" src=\"http:\/\/clustersahel.creativetunisia.tn\/wp-content\/uploads\/2021\/12\/Retour-en-images-sur-la-ceremonie-de-cloture-de-la-Foire-du-Sahel-de-lARTISANAT-7-1024x1024.jpg\" alt=\"\" data-id=\"353\" data-full-url=\"http:\/\/clustersahel.creativetunisia.tn\/wp-content\/uploads\/2021\/12\/Retour-en-images-sur-la-ceremonie-de-cloture-de-la-Foire-du-Sahel-de-lARTISANAT-7.jpg\" data-link=\"http:\/\/clustersahel.creativetunisia.tn\/index.php\/2021\/10\/02\/retour-en-images-sur-la-ceremonie-de-cloture-de-la-foire-du-sahel-de-lartisanat\/retour-en-images-sur-la-ceremonie-de-cloture-de-la-foire-du-sahel-de-lartisanat-7\/\" class=\"wp-image-353\" srcset=\"https:\/\/clustersahel.creativetunisia.tn\/wp-content\/uploads\/2021\/12\/Retour-en-images-sur-la-ceremonie-de-cloture-de-la-Foire-du-Sahel-de-lARTISANAT-7-1024x1024.jpg 1024w, https:\/\/clustersahel.creativetunisia.tn\/wp-content\/uploads\/2021\/12\/Retour-en-images-sur-la-ceremonie-de-cloture-de-la-Foire-du-Sahel-de-lARTISANAT-7-300x300.jpg 300w, https:\/\/clustersahel.creativetunisia.tn\/wp-content\/uploads\/2021\/12\/Retour-en-images-sur-la-ceremonie-de-cloture-de-la-Foire-du-Sahel-de-lARTISANAT-7-150x150.jpg 150w, https:\/\/clustersahel.creativetunisia.tn\/wp-content\/uploads\/2021\/12\/Retour-en-images-sur-la-ceremonie-de-cloture-de-la-Foire-du-Sahel-de-lARTISANAT-7-768x768.jpg 768w, https:\/\/clustersahel.creativetunisia.tn\/wp-content\/uploads\/2021\/12\/Retour-en-images-sur-la-ceremonie-de-cloture-de-la-Foire-du-Sahel-de-lARTISANAT-7.jpg 1080w\" sizes=\"(max-width: 1024px) 100vw, 1024px\" \/><\/figure><\/li><\/ul><\/figure>\n","protected":false},"excerpt":{"rendered":"","protected":false},"author":4,"featured_media":348,"comment_status":"closed","ping_status":"closed","sticky":false,"template":"","format":"standard","meta":[],"categories":[1],"tags":[],"_links":{"self":[{"href":"https:\/\/clustersahel.creativetunisia.tn\/index.php\/wp-json\/wp\/v2\/posts\/343"}],"collection":[{"href":"https:\/\/clustersahel.creativetunisia.tn\/index.php\/wp-json\/wp\/v2\/posts"}],"about":[{"href":"https:\/\/clustersahel.creativetunisia.tn\/index.php\/wp-json\/wp\/v2\/types\/post"}],"author":[{"embeddable":true,"href":"https:\/\/clustersahel.creativetunisia.tn\/index.php\/wp-json\/wp\/v2\/users\/4"}],"replies":[{"embeddable":true,"href":"https:\/\/clustersahel.creativetunisia.tn\/index.php\/wp-json\/wp\/v2\/comments?post=343"}],"version-history":[{"count":3,"href":"https:\/\/clustersahel.creativetunisia.tn\/index.php\/wp-json\/wp\/v2\/posts\/343\/revisions"}],"predecessor-version":[{"id":355,"href":"https:\/\/clustersahel.creativetunisia.tn\/index.php\/wp-json\/wp\/v2\/posts\/343\/revisions\/355"}],"wp:featuredmedia":[{"embeddable":true,"href":"https:\/\/clustersahel.creativetunisia.tn\/index.php\/wp-json\/wp\/v2\/media\/348"}],"wp:attachment":[{"href":"https:\/\/clustersahel.creativetunisia.tn\/index.php\/wp-json\/wp\/v2\/media?parent=343"}],"wp:term":[{"taxonomy":"category","embeddable":true,"href":"https:\/\/clustersahel.creativetunisia.tn\/index.php\/wp-json\/wp\/v2\/categories?post=343"},{"taxonomy":"post_tag","embeddable":true,"href":"https:\/\/clustersahel.creativetunisia.tn\/index.php\/wp-json\/wp\/v2\/tags?post=343"}],"curies":[{"name":"wp","href":"https:\/\/api.w.org\/{rel}","templated":true}]}}